{"id":5984,"date":"2016-06-08T10:38:46","date_gmt":"2016-06-08T10:38:46","guid":{"rendered":"http:\/\/futureindustrycongress.com\/ca\/?p=5984"},"modified":"2016-06-08T10:57:35","modified_gmt":"2016-06-08T10:57:35","slug":"experts-anticipen-barcelona-com-sera-la-nova-fabrica-intel%e2%80%a2ligent","status":"publish","type":"post","link":"https:\/\/futureindustrycongress.com\/ca\/experts-anticipen-barcelona-com-sera-la-nova-fabrica-intel%e2%80%a2ligent\/","title":{"rendered":"Experts anticipen a Barcelona com ser\u00e0 la nova f\u00e0brica intel\u2022ligent"},"content":{"rendered":"<p>Un total de<strong> 25 experts analitzaran els dies 14 i 15 de juny<\/strong> en el <a href=\"https:\/\/futureindustrycongress.com\/ca\/\"><strong>Future Industry Congres<\/strong>s<\/a>, a Barcelona, com les noves tecnologies industrials i digitals estan configurant la <strong>nova f\u00e0brica 4.0<\/strong> i anticiparan el potencial que ofereix la ind\u00fastria avan\u00e7ada, digital i connectada per impulsar la reindustrialitzaci\u00f3.<\/p>\n<p>El centre tecnol\u00f2gic Eurecat (membre de Tecnio) ha organitzat el congr\u00e9s, que aprofundir\u00e0 en la <strong>ind\u00fastria digital<\/strong>, que engloba <strong>Internet de les Coses, Big Data, Cloud Computing, fabricaci\u00f3 digital i ciberseguretat<\/strong>; la<strong> ind\u00fastria eficient<\/strong>, que inclou <strong>fabricaci\u00f3 avan\u00e7ada, rob\u00f2tica, automatitzaci\u00f3, efici\u00e8ncia energ\u00e8tica, reciclatge i materials avan\u00e7ats, i els nous models industrials<\/strong>, que abasten la producci\u00f3 sota demanda, els models de negoci i la personalitzaci\u00f3.<\/p>\n<p><strong>D\u2019acord amb els experts d\u2019Eurecat<\/strong> que han elaborat el programa del Future Industry Congress, <strong>la f\u00e0brica del futur ser\u00e0<\/strong> \u201c<strong>neta, sostenible, generar\u00e0 pocs residus i tindr\u00e0 la capacitat de reciclar-los o valoritzar-los, amb tots els seus elements interconnectats entre si i amb el m\u00f3n exterior<\/strong>\u201d. La factoria 4.0 disposar\u00e0, a m\u00e9s, de <strong>\u201csensors i actuadors especialitzats en accions concretes amb un gran nivell d&#8217;automatitzaci\u00f3 i on la rob\u00f2tica col\u00b7laborativa permetr\u00e0 conviure sense riscos a operadors i m\u00e0quines<\/strong>\u201d. Tamb\u00e9 tindr\u00e0 la Internet de les Coses \u201cfuncionant plenament, facilitant una major connexi\u00f3 entre la producci\u00f3 i el client i usuari\u201d.<\/p>\n<p>Segons el seu pron\u00f2stic, les noves f\u00e0briques explotaran el Big Data que tots aquests sensors generaran per millorar en efici\u00e8ncia\u201d i \u201cels nous materials i tecnologies de fabricaci\u00f3 podran deslocalitzar el punt de fabricaci\u00f3 i permetre una personalitzaci\u00f3 del producte gaireb\u00e9 a nivell individual\u201d.<\/p>\n<p><strong>Primera jornada del Future Industry Congress<\/strong><\/p>\n<p>La<strong> benvinguda institucional<\/strong> del congr\u00e9s anir\u00e0 a c\u00e0rrec de Jaume Ferr\u00fas, vicepresident d\u2019Eurecat, i de Jordi Puignero\u0301, secretari per a la Governanc\u0327a de les Tecnologies de la Informacio\u0301 i la Comunicacio\u0301 de la Generalitat de Catalunya. A continuaci\u00f3, el director de l\u2019A\u0300rea de Tecnologies Industrials d\u2019Eurecat, Xavier Plant\u00e0, parlar\u00e0 de la<strong> integracio\u0301 de diverses disciplines a la f\u00e0brica del futur<\/strong>, com la intel\u00b7lige\u0300ncia artificial, la senso\u0300rica, la fabricacio\u0301 additiva o la simulacio\u0301 nume\u0300rica.<\/p>\n<p>La<strong> innovaci\u00f3 per a la fabricaci\u00f3 global digitalitzada<\/strong>, centrar\u00e0 la intervenci\u00f3 de Josep Manel Lario, Product Engineer Automation Center Europe d\u2019OMRON ELECTRONICS EUROPE B.V. Per la seva banda, Ramon Pastor, vicepresident i director general de 3D Printing i del Campus d\u2019HP a Barcelona, HP INC, parlar\u00e0 del <strong>potencial de la impressi\u00f3 3D<\/strong> i de com aquesta tecnologia \u00e9s un dels catalitzadors de la nova revolucio\u0301 industrial.<\/p>\n<p>La<strong> transici\u00f3 cap a l\u2019economia circular<\/strong> \u00e9s l\u2019eix de les confer\u00e8ncies de Miguel A. Dora, Country Manager a Espanya i Portugal de SAICA NATUR, i de Lorena Jurado, directora de residuorecurso.com. Per la seva banda, Ce\u0301sar Molins, director general d\u2019AMES, incidir\u00e0 en el futur de la ind\u00fastria mitjana a Europa.<\/p>\n<p>A continuaci\u00f3, hi haur\u00e0 una taula rodona, moderada per Myriam Garcia-Berro, directora de Tecnologia i Transfer\u00e8ncia d\u2019Eurecat, que tractar\u00e0 sobre els <strong>reptes de la transformaci\u00f3 digital a la ind\u00fastria tradicional<\/strong>, amb Benito Cerrillo, CIO de Vichy Catalan; Jesu\u0301s Mayordomo, CIO de Celsa Group, i Lluis Verdaguer, CEO d\u2019Effitronix.<\/p>\n<p>Albert Giralt, general manager d\u2019Avinent Implant System, parlar\u00e0 de la Transformaci\u00f3 d\u2019un model digital bastat en costos a un model basat en la digitalitzaci\u00f3. A continuaci\u00f3, Juan Carlos Du\u0308rsteler, Chief Innovation Officer d\u2019INDO Horizons, se centrar\u00e0 en la fabricaci\u00f3 digital com a vehicle de personalitzaci\u00f3. Vi\u0301ctor Garci\u0301a de Santiago, cofundador i CEO de Westwing, donar\u00e0 les claus tecnol\u00f2giques per ser l\u00edder en la venda de mobles. Despr\u00e9s, Victor Paluzie, gerent d\u2019RMS Rapid Manufacturing Systems, presentar\u00e0 una selecci\u00f3 de casos d\u2019\u00e8xit industrials que mostren aplicacions d\u2019impressi\u00f3 3D.<\/p>\n<p><strong>Segona jornada del Future Industry Congress<\/strong><\/p>\n<p>El segon dia del Future Industry Congress, Eduard Marfa\u0300, director de Marketing d\u2019EMEA, Lifecycle Collaboration de SIEMENS, compartira\u0300 <strong>experie\u0300ncies sobre les innovacions intel\u00b7ligents<\/strong>. A continuaci\u00f3, David Palacios, gerent de TECNOCOM, presentar\u00e0 un projecte per a la certificaci\u00f3 d\u2019aplicacions m\u00f2bils per al cotxe connectat. Posteriorment, Alejandro Cadenas, responsable d\u2019Internet of Things industrial de Telefo\u0301nica, parlar\u00e0 de la <strong>gesti\u00f3 de la mobilitat en la transici\u00f3 cap a la ind\u00fastria 4.0<\/strong>. Seguidament, Juan Carlos Gutie\u0301rrez, Cognitive IoT Consultant d\u2019IBM, exposar\u00e0 les claus per a construir una ind\u00fastria m\u00e9s intel\u00b7ligent, interconnectada i cognitiva.<\/p>\n<p>Els<strong> reptes en el sector industrial i digital<\/strong> centraran una sessi\u00f3 monogr\u00e0fica, que comptar\u00e0 amb les intervencions del president d\u2019Eurecat, Xavier Torra; Carl Gisleskog, Digital Technology Advisor d\u2019European Factories of the Future Research Association (EFFRA); N\u00faria Betriu, directora general d\u2019Ind\u00fastria i consellera delegada d\u2019ACCI\u00d3, i Begon\u0303a Cristeto, secret\u00e0ria general d\u2019Indu\u0301stria i de la Petita i Mitjana Empresa del Ministeri d\u2019Indu\u0301stria, Energia i Turisme. A continuaci\u00f3, Joan Mas, director de Tecnologies Digitals d\u2019Eurecat exposar\u00e0 les principals aportacions del centre a la nova ind\u00fastria.<\/p>\n<p>Francisco Santisteve, Business Consultant de T-Systems, explicar\u00e0 un nou sistema que envia i rep en temps real instruccions i ordres als operaris i que garanteix error zero en les operacions i trac\u0327abilitat total. Seguidament, Xavier Homs, Systems Engineering de Palo Alto Networks, introduir\u00e0 l\u2019impacte de les plataformes de seguretat auto\u0300mates.<\/p>\n<p>El Future Industry Congress pren el relleu del BDigital Global Congress i del F\u00f2rum Ascamm, amb la finalitat de recollir la tradici\u00f3 de difusi\u00f3 tecnol\u00f2gica que tant BDigital com ASCAMM realitzaven abans de la seva integraci\u00f3 a Eurecat, que adopta aix\u00ed un paper fonamental com a pont entre els aven\u00e7os en R+D i el sistema productiu. El congr\u00e9s compta amb el suport d\u2019Elogia, Tecnocom, Telef\u00f3nica, la Generalitat de Catalunya, IBM, ImaginBank i Saica Natur.<\/p>\n","protected":false},"excerpt":{"rendered":"<p>Un total de 25 experts analitzaran els dies 14 i 15 de juny en el Future Industry Congress, a Barcelona, com les noves tecnologies industrials i digitals estan configurant la nova f\u00e0brica 4.0 i anticiparan el potencial que ofereix la ind\u00fastria avan\u00e7ada, digital i connectada per impulsar la reindustrialitzaci\u00f3. El centre tecnol\u00f2gic Eurecat (membre de&#8230; <\/p>\n<div class=\"clear\"><\/div>\n<p><a href=\"https:\/\/futureindustrycongress.com\/ca\/experts-anticipen-barcelona-com-sera-la-nova-fabrica-intel%e2%80%a2ligent\/\" class=\"gdlr-info-font excerpt-read-more\">Llegir m\u00e9s<\/a><\/p>\n","protected":false},"author":3,"featured_media":5989,"comment_status":"open","ping_status":"closed","sticky":false,"template":"","format":"standard","meta":{"footnotes":""},"categories":[191],"tags":[],"class_list":["post-5984","post","type-post","status-publish","format-standard","has-post-thumbnail","hentry","category-notes-de-premsa"],"yoast_head":"<!-- This site is optimized with the Yoast SEO plugin v27.5 - https:\/\/yoast.com\/product\/yoast-seo-wordpress\/ -->\n<title>Experts anticipen a Barcelona com ser\u00e0 la nova f\u00e0brica intel\u2022ligent - Future Industry Congress<\/title>\n<meta name=\"robots\" content=\"index, follow, max-snippet:-1, max-image-preview:large, max-video-preview:-1\" \/>\n<link rel=\"canonical\" href=\"https:\/\/futureindustrycongress.com\/ca\/experts-anticipen-barcelona-com-sera-la-nova-fabrica-intel%e2%80%a2ligent\/\" \/>\n<meta property=\"og:locale\" content=\"ca_ES\" \/>\n<meta property=\"og:type\" content=\"article\" \/>\n<meta property=\"og:title\" content=\"Experts anticipen a Barcelona com ser\u00e0 la nova f\u00e0brica intel\u2022ligent - Future Industry Congress\" \/>\n<meta property=\"og:description\" content=\"Un total de 25 experts analitzaran els dies 14 i 15 de juny en el Future Industry Congress, a Barcelona, com les noves tecnologies industrials i digitals estan configurant la nova f\u00e0brica 4.0 i anticiparan el potencial que ofereix la ind\u00fastria avan\u00e7ada, digital i connectada per impulsar la reindustrialitzaci\u00f3. El centre tecnol\u00f2gic Eurecat (membre de... Llegir m\u00e9s\" \/>\n<meta property=\"og:url\" content=\"https:\/\/futureindustrycongress.com\/ca\/experts-anticipen-barcelona-com-sera-la-nova-fabrica-intel%e2%80%a2ligent\/\" \/>\n<meta property=\"og:site_name\" content=\"Future Industry Congress\" \/>\n<meta property=\"article:published_time\" content=\"2016-06-08T10:38:46+00:00\" \/>\n<meta property=\"article:modified_time\" content=\"2016-06-08T10:57:35+00:00\" \/>\n<meta property=\"og:image\" content=\"https:\/\/futureindustrycongress.com\/wp-content\/uploads\/2016\/06\/fic_reunira-expertos.jpg\" \/>\n\t<meta property=\"og:image:width\" content=\"750\" \/>\n\t<meta property=\"og:image:height\" content=\"330\" \/>\n\t<meta property=\"og:image:type\" content=\"image\/jpeg\" \/>\n<meta name=\"author\" content=\"Future Industry Congress\" \/>\n<meta name=\"twitter:card\" content=\"summary_large_image\" \/>\n<meta name=\"twitter:label1\" content=\"Escrit per\" \/>\n\t<meta name=\"twitter:data1\" content=\"Future Industry Congress\" \/>\n\t<meta name=\"twitter:label2\" content=\"Temps estimat de lectura\" \/>\n\t<meta name=\"twitter:data2\" content=\"5 minuts\" \/>\n<script type=\"application\/ld+json\" class=\"yoast-schema-graph\">{\"@context\":\"https:\\\/\\\/schema.org\",\"@graph\":[{\"@type\":\"Article\",\"@id\":\"https:\\\/\\\/futureindustrycongress.com\\\/ca\\\/experts-anticipen-barcelona-com-sera-la-nova-fabrica-intel%e2%80%a2ligent\\\/#article\",\"isPartOf\":{\"@id\":\"https:\\\/\\\/futureindustrycongress.com\\\/ca\\\/experts-anticipen-barcelona-com-sera-la-nova-fabrica-intel%e2%80%a2ligent\\\/\"},\"author\":{\"name\":\"Future Industry Congress\",\"@id\":\"https:\\\/\\\/futureindustrycongress.com\\\/ca\\\/#\\\/schema\\\/person\\\/ca46dce6f637e07da193fa1ad4f57da8\"},\"headline\":\"Experts anticipen a Barcelona com ser\u00e0 la nova f\u00e0brica intel\u2022ligent\",\"datePublished\":\"2016-06-08T10:38:46+00:00\",\"dateModified\":\"2016-06-08T10:57:35+00:00\",\"mainEntityOfPage\":{\"@id\":\"https:\\\/\\\/futureindustrycongress.com\\\/ca\\\/experts-anticipen-barcelona-com-sera-la-nova-fabrica-intel%e2%80%a2ligent\\\/\"},\"wordCount\":993,\"commentCount\":0,\"image\":{\"@id\":\"https:\\\/\\\/futureindustrycongress.com\\\/ca\\\/experts-anticipen-barcelona-com-sera-la-nova-fabrica-intel%e2%80%a2ligent\\\/#primaryimage\"},\"thumbnailUrl\":\"https:\\\/\\\/futureindustrycongress.com\\\/wp-content\\\/uploads\\\/2016\\\/06\\\/fic_reunira-expertos.jpg\",\"articleSection\":[\"Notes de premsa\"],\"inLanguage\":\"ca\",\"potentialAction\":[{\"@type\":\"CommentAction\",\"name\":\"Comment\",\"target\":[\"https:\\\/\\\/futureindustrycongress.com\\\/ca\\\/experts-anticipen-barcelona-com-sera-la-nova-fabrica-intel%e2%80%a2ligent\\\/#respond\"]}]},{\"@type\":\"WebPage\",\"@id\":\"https:\\\/\\\/futureindustrycongress.com\\\/ca\\\/experts-anticipen-barcelona-com-sera-la-nova-fabrica-intel%e2%80%a2ligent\\\/\",\"url\":\"https:\\\/\\\/futureindustrycongress.com\\\/ca\\\/experts-anticipen-barcelona-com-sera-la-nova-fabrica-intel%e2%80%a2ligent\\\/\",\"name\":\"Experts anticipen a Barcelona com ser\u00e0 la nova f\u00e0brica intel\u2022ligent - Future Industry Congress\",\"isPartOf\":{\"@id\":\"https:\\\/\\\/futureindustrycongress.com\\\/ca\\\/#website\"},\"primaryImageOfPage\":{\"@id\":\"https:\\\/\\\/futureindustrycongress.com\\\/ca\\\/experts-anticipen-barcelona-com-sera-la-nova-fabrica-intel%e2%80%a2ligent\\\/#primaryimage\"},\"image\":{\"@id\":\"https:\\\/\\\/futureindustrycongress.com\\\/ca\\\/experts-anticipen-barcelona-com-sera-la-nova-fabrica-intel%e2%80%a2ligent\\\/#primaryimage\"},\"thumbnailUrl\":\"https:\\\/\\\/futureindustrycongress.com\\\/wp-content\\\/uploads\\\/2016\\\/06\\\/fic_reunira-expertos.jpg\",\"datePublished\":\"2016-06-08T10:38:46+00:00\",\"dateModified\":\"2016-06-08T10:57:35+00:00\",\"author\":{\"@id\":\"https:\\\/\\\/futureindustrycongress.com\\\/ca\\\/#\\\/schema\\\/person\\\/ca46dce6f637e07da193fa1ad4f57da8\"},\"breadcrumb\":{\"@id\":\"https:\\\/\\\/futureindustrycongress.com\\\/ca\\\/experts-anticipen-barcelona-com-sera-la-nova-fabrica-intel%e2%80%a2ligent\\\/#breadcrumb\"},\"inLanguage\":\"ca\",\"potentialAction\":[{\"@type\":\"ReadAction\",\"target\":[\"https:\\\/\\\/futureindustrycongress.com\\\/ca\\\/experts-anticipen-barcelona-com-sera-la-nova-fabrica-intel%e2%80%a2ligent\\\/\"]}]},{\"@type\":\"ImageObject\",\"inLanguage\":\"ca\",\"@id\":\"https:\\\/\\\/futureindustrycongress.com\\\/ca\\\/experts-anticipen-barcelona-com-sera-la-nova-fabrica-intel%e2%80%a2ligent\\\/#primaryimage\",\"url\":\"https:\\\/\\\/futureindustrycongress.com\\\/wp-content\\\/uploads\\\/2016\\\/06\\\/fic_reunira-expertos.jpg\",\"contentUrl\":\"https:\\\/\\\/futureindustrycongress.com\\\/wp-content\\\/uploads\\\/2016\\\/06\\\/fic_reunira-expertos.jpg\",\"width\":750,\"height\":330},{\"@type\":\"BreadcrumbList\",\"@id\":\"https:\\\/\\\/futureindustrycongress.com\\\/ca\\\/experts-anticipen-barcelona-com-sera-la-nova-fabrica-intel%e2%80%a2ligent\\\/#breadcrumb\",\"itemListElement\":[{\"@type\":\"ListItem\",\"position\":1,\"name\":\"Portada\",\"item\":\"https:\\\/\\\/futureindustrycongress.com\\\/ca\\\/\"},{\"@type\":\"ListItem\",\"position\":2,\"name\":\"Experts anticipen a Barcelona com ser\u00e0 la nova f\u00e0brica intel\u2022ligent\"}]},{\"@type\":\"WebSite\",\"@id\":\"https:\\\/\\\/futureindustrycongress.com\\\/ca\\\/#website\",\"url\":\"https:\\\/\\\/futureindustrycongress.com\\\/ca\\\/\",\"name\":\"Future Industry Congress\",\"description\":\"Future Industry Congress\",\"potentialAction\":[{\"@type\":\"SearchAction\",\"target\":{\"@type\":\"EntryPoint\",\"urlTemplate\":\"https:\\\/\\\/futureindustrycongress.com\\\/ca\\\/?s={search_term_string}\"},\"query-input\":{\"@type\":\"PropertyValueSpecification\",\"valueRequired\":true,\"valueName\":\"search_term_string\"}}],\"inLanguage\":\"ca\"},{\"@type\":\"Person\",\"@id\":\"https:\\\/\\\/futureindustrycongress.com\\\/ca\\\/#\\\/schema\\\/person\\\/ca46dce6f637e07da193fa1ad4f57da8\",\"name\":\"Future Industry Congress\",\"image\":{\"@type\":\"ImageObject\",\"inLanguage\":\"ca\",\"@id\":\"https:\\\/\\\/futureindustrycongress.com\\\/wp-content\\\/wphb-cache\\\/gravatar\\\/d93\\\/d93fa7fc5cf0b28609e3251892009bccx96.jpg\",\"url\":\"https:\\\/\\\/futureindustrycongress.com\\\/wp-content\\\/wphb-cache\\\/gravatar\\\/d93\\\/d93fa7fc5cf0b28609e3251892009bccx96.jpg\",\"contentUrl\":\"https:\\\/\\\/futureindustrycongress.com\\\/wp-content\\\/wphb-cache\\\/gravatar\\\/d93\\\/d93fa7fc5cf0b28609e3251892009bccx96.jpg\",\"caption\":\"Future Industry Congress\"},\"url\":\"https:\\\/\\\/futureindustrycongress.com\\\/ca\\\/author\\\/elena-merin\\\/\"}]}<\/script>\n<!-- \/ Yoast SEO plugin. -->","yoast_head_json":{"title":"Experts anticipen a Barcelona com ser\u00e0 la nova f\u00e0brica intel\u2022ligent - Future Industry Congress","robots":{"index":"index","follow":"follow","max-snippet":"max-snippet:-1","max-image-preview":"max-image-preview:large","max-video-preview":"max-video-preview:-1"},"canonical":"https:\/\/futureindustrycongress.com\/ca\/experts-anticipen-barcelona-com-sera-la-nova-fabrica-intel%e2%80%a2ligent\/","og_locale":"ca_ES","og_type":"article","og_title":"Experts anticipen a Barcelona com ser\u00e0 la nova f\u00e0brica intel\u2022ligent - Future Industry Congress","og_description":"Un total de 25 experts analitzaran els dies 14 i 15 de juny en el Future Industry Congress, a Barcelona, com les noves tecnologies industrials i digitals estan configurant la nova f\u00e0brica 4.0 i anticiparan el potencial que ofereix la ind\u00fastria avan\u00e7ada, digital i connectada per impulsar la reindustrialitzaci\u00f3. El centre tecnol\u00f2gic Eurecat (membre de... Llegir m\u00e9s","og_url":"https:\/\/futureindustrycongress.com\/ca\/experts-anticipen-barcelona-com-sera-la-nova-fabrica-intel%e2%80%a2ligent\/","og_site_name":"Future Industry Congress","article_published_time":"2016-06-08T10:38:46+00:00","article_modified_time":"2016-06-08T10:57:35+00:00","og_image":[{"width":750,"height":330,"url":"https:\/\/futureindustrycongress.com\/wp-content\/uploads\/2016\/06\/fic_reunira-expertos.jpg","type":"image\/jpeg"}],"author":"Future Industry Congress","twitter_card":"summary_large_image","twitter_misc":{"Escrit per":"Future Industry Congress","Temps estimat de lectura":"5 minuts"},"schema":{"@context":"https:\/\/schema.org","@graph":[{"@type":"Article","@id":"https:\/\/futureindustrycongress.com\/ca\/experts-anticipen-barcelona-com-sera-la-nova-fabrica-intel%e2%80%a2ligent\/#article","isPartOf":{"@id":"https:\/\/futureindustrycongress.com\/ca\/experts-anticipen-barcelona-com-sera-la-nova-fabrica-intel%e2%80%a2ligent\/"},"author":{"name":"Future Industry Congress","@id":"https:\/\/futureindustrycongress.com\/ca\/#\/schema\/person\/ca46dce6f637e07da193fa1ad4f57da8"},"headline":"Experts anticipen a Barcelona com ser\u00e0 la nova f\u00e0brica intel\u2022ligent","datePublished":"2016-06-08T10:38:46+00:00","dateModified":"2016-06-08T10:57:35+00:00","mainEntityOfPage":{"@id":"https:\/\/futureindustrycongress.com\/ca\/experts-anticipen-barcelona-com-sera-la-nova-fabrica-intel%e2%80%a2ligent\/"},"wordCount":993,"commentCount":0,"image":{"@id":"https:\/\/futureindustrycongress.com\/ca\/experts-anticipen-barcelona-com-sera-la-nova-fabrica-intel%e2%80%a2ligent\/#primaryimage"},"thumbnailUrl":"https:\/\/futureindustrycongress.com\/wp-content\/uploads\/2016\/06\/fic_reunira-expertos.jpg","articleSection":["Notes de premsa"],"inLanguage":"ca","potentialAction":[{"@type":"CommentAction","name":"Comment","target":["https:\/\/futureindustrycongress.com\/ca\/experts-anticipen-barcelona-com-sera-la-nova-fabrica-intel%e2%80%a2ligent\/#respond"]}]},{"@type":"WebPage","@id":"https:\/\/futureindustrycongress.com\/ca\/experts-anticipen-barcelona-com-sera-la-nova-fabrica-intel%e2%80%a2ligent\/","url":"https:\/\/futureindustrycongress.com\/ca\/experts-anticipen-barcelona-com-sera-la-nova-fabrica-intel%e2%80%a2ligent\/","name":"Experts anticipen a Barcelona com ser\u00e0 la nova f\u00e0brica intel\u2022ligent - Future Industry Congress","isPartOf":{"@id":"https:\/\/futureindustrycongress.com\/ca\/#website"},"primaryImageOfPage":{"@id":"https:\/\/futureindustrycongress.com\/ca\/experts-anticipen-barcelona-com-sera-la-nova-fabrica-intel%e2%80%a2ligent\/#primaryimage"},"image":{"@id":"https:\/\/futureindustrycongress.com\/ca\/experts-anticipen-barcelona-com-sera-la-nova-fabrica-intel%e2%80%a2ligent\/#primaryimage"},"thumbnailUrl":"https:\/\/futureindustrycongress.com\/wp-content\/uploads\/2016\/06\/fic_reunira-expertos.jpg","datePublished":"2016-06-08T10:38:46+00:00","dateModified":"2016-06-08T10:57:35+00:00","author":{"@id":"https:\/\/futureindustrycongress.com\/ca\/#\/schema\/person\/ca46dce6f637e07da193fa1ad4f57da8"},"breadcrumb":{"@id":"https:\/\/futureindustrycongress.com\/ca\/experts-anticipen-barcelona-com-sera-la-nova-fabrica-intel%e2%80%a2ligent\/#breadcrumb"},"inLanguage":"ca","potentialAction":[{"@type":"ReadAction","target":["https:\/\/futureindustrycongress.com\/ca\/experts-anticipen-barcelona-com-sera-la-nova-fabrica-intel%e2%80%a2ligent\/"]}]},{"@type":"ImageObject","inLanguage":"ca","@id":"https:\/\/futureindustrycongress.com\/ca\/experts-anticipen-barcelona-com-sera-la-nova-fabrica-intel%e2%80%a2ligent\/#primaryimage","url":"https:\/\/futureindustrycongress.com\/wp-content\/uploads\/2016\/06\/fic_reunira-expertos.jpg","contentUrl":"https:\/\/futureindustrycongress.com\/wp-content\/uploads\/2016\/06\/fic_reunira-expertos.jpg","width":750,"height":330},{"@type":"BreadcrumbList","@id":"https:\/\/futureindustrycongress.com\/ca\/experts-anticipen-barcelona-com-sera-la-nova-fabrica-intel%e2%80%a2ligent\/#breadcrumb","itemListElement":[{"@type":"ListItem","position":1,"name":"Portada","item":"https:\/\/futureindustrycongress.com\/ca\/"},{"@type":"ListItem","position":2,"name":"Experts anticipen a Barcelona com ser\u00e0 la nova f\u00e0brica intel\u2022ligent"}]},{"@type":"WebSite","@id":"https:\/\/futureindustrycongress.com\/ca\/#website","url":"https:\/\/futureindustrycongress.com\/ca\/","name":"Future Industry Congress","description":"Future Industry Congress","potentialAction":[{"@type":"SearchAction","target":{"@type":"EntryPoint","urlTemplate":"https:\/\/futureindustrycongress.com\/ca\/?s={search_term_string}"},"query-input":{"@type":"PropertyValueSpecification","valueRequired":true,"valueName":"search_term_string"}}],"inLanguage":"ca"},{"@type":"Person","@id":"https:\/\/futureindustrycongress.com\/ca\/#\/schema\/person\/ca46dce6f637e07da193fa1ad4f57da8","name":"Future Industry Congress","image":{"@type":"ImageObject","inLanguage":"ca","@id":"https:\/\/futureindustrycongress.com\/wp-content\/wphb-cache\/gravatar\/d93\/d93fa7fc5cf0b28609e3251892009bccx96.jpg","url":"https:\/\/futureindustrycongress.com\/wp-content\/wphb-cache\/gravatar\/d93\/d93fa7fc5cf0b28609e3251892009bccx96.jpg","contentUrl":"https:\/\/futureindustrycongress.com\/wp-content\/wphb-cache\/gravatar\/d93\/d93fa7fc5cf0b28609e3251892009bccx96.jpg","caption":"Future Industry Congress"},"url":"https:\/\/futureindustrycongress.com\/ca\/author\/elena-merin\/"}]}},"_links":{"self":[{"href":"https:\/\/futureindustrycongress.com\/ca\/wp-json\/wp\/v2\/posts\/5984","targetHints":{"allow":["GET"]}}],"collection":[{"href":"https:\/\/futureindustrycongress.com\/ca\/wp-json\/wp\/v2\/posts"}],"about":[{"href":"https:\/\/futureindustrycongress.com\/ca\/wp-json\/wp\/v2\/types\/post"}],"author":[{"embeddable":true,"href":"https:\/\/futureindustrycongress.com\/ca\/wp-json\/wp\/v2\/users\/3"}],"replies":[{"embeddable":true,"href":"https:\/\/futureindustrycongress.com\/ca\/wp-json\/wp\/v2\/comments?post=5984"}],"version-history":[{"count":0,"href":"https:\/\/futureindustrycongress.com\/ca\/wp-json\/wp\/v2\/posts\/5984\/revisions"}],"wp:featuredmedia":[{"embeddable":true,"href":"https:\/\/futureindustrycongress.com\/ca\/wp-json\/wp\/v2\/media\/5989"}],"wp:attachment":[{"href":"https:\/\/futureindustrycongress.com\/ca\/wp-json\/wp\/v2\/media?parent=5984"}],"wp:term":[{"taxonomy":"category","embeddable":true,"href":"https:\/\/futureindustrycongress.com\/ca\/wp-json\/wp\/v2\/categories?post=5984"},{"taxonomy":"post_tag","embeddable":true,"href":"https:\/\/futureindustrycongress.com\/ca\/wp-json\/wp\/v2\/tags?post=5984"}],"curies":[{"name":"wp","href":"https:\/\/api.w.org\/{rel}","templated":true}]}}