{"id":7766,"date":"2017-06-22T08:10:53","date_gmt":"2017-06-22T08:10:53","guid":{"rendered":"http:\/\/futureindustrycongress.com\/?p=7766\/"},"modified":"2017-06-22T08:10:53","modified_gmt":"2017-06-22T08:10:53","slug":"mercat-les-tecnologies-cervell-ordinador-multiplicara-per-deu-al-2025","status":"publish","type":"post","link":"https:\/\/futureindustrycongress.com\/ca\/mercat-les-tecnologies-cervell-ordinador-multiplicara-per-deu-al-2025\/","title":{"rendered":"El mercat de les tecnologies cervell-ordinador es multiplicar\u00e0 per deu al 2025"},"content":{"rendered":"<p>El mercat de les tecnologies cervell-ordinador es multiplicar\u00e0 per deu abans del 2025 a tota Europa, segons ha explicat el director de la unitat d\u2019eHealth del centre tecnol\u00f2gic <a href=\"http:\/\/eurecat.org\">Eurecat<\/a> i doctor en Enginyeria i Tecnologies Avan\u00e7ades, Felip Miralles, durant la seva pon\u00e8ncia sobre Brain Computer Interfaces, a la segona edici\u00f3 del Future Industry Congress, celebrada avui a Barcelona.<\/p>\n<p>Les dades s\u2019han publicat en el full de ruta del consorci europeu <a href=\"http:\/\/www.bnci-horizon-2020.eu\/\">BNCI<\/a> Horizon 2020, que apunta que aquestes tecnologies tindran una incid\u00e8ncia creixent en els \u00e0mbits del monitoratge de la salut, en camps com la rehabilitaci\u00f3, els tractaments m\u00e8dics, mitjan\u00e7ant la neuroestimulaci\u00f3 per tractar malalties neurol\u00f2giques i tamb\u00e9 en la promoci\u00f3 d\u2019h\u00e0bits saludables, l\u2019aprenentatge i el context l\u00fadic.<\/p>\n<p>Miralles ressalta que \u201cavui en dia les tecnologies cervell-ordinador impacten en un col\u00b7lectiu molt concret, que s\u00f3n els grans discapacitats\u201d, i creu que \u201cal 2025 estarem parlant de milions d\u2019usuaris, en comptes de milers, perqu\u00e8 aquestes tecnologies s\u2019incorporaran en el tractament de discapacitats lleus, malalties neurodegeneratives i en la rehabilitaci\u00f3 motora i cognitiva general, aix\u00ed com als videojocs o a l\u2019educaci\u00f3\u201d.<\/p>\n<p>Durant la seva pon\u00e8ncia, Miralles ha posat exemples de tecnologia cervell-ordinador ja existents, com BACKHOME, que permet llegir els impulsos del cervell perqu\u00e8 pacients que han patit un ictus amb conseq\u00fc\u00e8ncies greus puguin millorar la seva autonomia f\u00edsica i social, o el projecte INNOBRAIN, que Eurecat est\u00e0 desenvolupant amb l\u2019Institut Guttmann per millorar les tecnologies de rehabilitaci\u00f3 cognitiva.<\/p>\n<p>Tamb\u00e9 en la sessi\u00f3 sobre Human Brain Technologies, el qu\u00edmic Josep Maria del Bas ha ofert una pon\u00e8ncia sobre com el qu\u00e8 mengem pot modular els circuits neuroendocrins del nostre cervell. L\u2019investigador de la Unitat de Nutrici\u00f3 i Salut d\u2019Eurecat ha explicat que els ingredients psicobi\u00f2tics, amb els que ja s\u2019est\u00e0 treballant, \u201cpoden modular les transmissions neuronals i tractar trastorns com la depressi\u00f3 o l\u2019ansietat\u201d. \u201cSabem que l\u2019alimentaci\u00f3 ens pot determinar els cicles interns del nostre metabolisme i aix\u00f2 ens pot ajudar a tractar patologies com l\u2019obesitat\u201d, ha concl\u00f2s.<\/p>\n<p><strong>Premis Eurecat<\/strong><\/p>\n<p>El Future Industry Congres ha lliurat els premis Eurecat a les categories de Projecte Rellevant, al Robot Aeri per a la Inspecci\u00f3 del Clavegueram (ARSI); com a Centre Investigador Innovador, a l\u2019Oficina de Recerca i Innovaci\u00f3 de l\u2019Institut Guttmann; com a Instituci\u00f3 Innovadora, a la Universitat Rovira i Virgili; com a Empresa Col\u00b7laboradora, a Ordesa, i un reconeixement per la labor en mat\u00e8ria de divulgaci\u00f3 tecnol\u00f2gica al periodista Albert Cuesta.<\/p>\n<p><strong>Tecnologies disruptives<\/strong><\/p>\n<p>A banda de les tecnologies relacionades amb el cervell, el Future Industry Congress\u00a0 tamb\u00e9 ha versat sobre les tecnologies qu\u00e0ntiques, el 5G i els materials avan\u00e7ats, que es preveu que tinguin un paper creixent en la ind\u00fastria durant la pr\u00f2xima d\u00e8cada.<\/p>\n<p>L\u2019investigador Pol Forn-D\u00edaz ha parlat sobre el potencial de la computaci\u00f3 qu\u00e0ntica, que permetr\u00e0 fer \u201cr\u00e8pliques exactes de prote\u00efnes amb un centenar de bits qu\u00e0ntics\u201d, el que suposar\u00e0 una \u201crevoluci\u00f3 en l\u2019\u00e0mbit de la investigaci\u00f3 cient\u00edfica\u201d.<\/p>\n<p>El professor de l\u2019Institut de Ci\u00e8ncies Fot\u00f2niques Antonio Ac\u00edn ha destacat el paper transformador de la computaci\u00f3 qu\u00e0ntica, amb la qual es podran \u201centendre problemes importants de la societat, com la transmissi\u00f3 eficient d\u2019energia o la relaci\u00f3 dels sistemes biol\u00f2gics\u201d.<\/p>\n<p>Rams\u00e9s Gallego, especialista en ciberseguretat i membre de la Quantum World Association, ha parlat sobre els \u201criscos creixents de ciberseguretat\u201d que implica la computaci\u00f3 qu\u00e0ntica i ha alertat que \u201cja hi ha empreses que parlen d\u2019atacs post-qu\u00e0ntics, quan encara ens estem preguntant si hi ha ordinadors qu\u00e0ntics\u201d.<\/p>\n<p>Durant la sessi\u00f3 dedicada a la cinquena generaci\u00f3 de tecnologia m\u00f2bil, experts d\u2019aquest \u00e0mbit han posat en valor el potencial de Catalunya per convertir-se en un territori de refer\u00e8ncia en la recerca del 5G. Daniel Marco, director d\u2019SmartCatalonia, ha destacat en aquest sentit que \u201cm\u00e9s de la meitat de projectes europeus de recerca en 5G tenen pres\u00e8ncia catalana\u201d.<\/p>\n<p>En paraules de la doctora Ana P\u00e9rez-Neira, coordinadora cient\u00edfica del Centre de Telecomunicacions de Catalunya, \u201cel 5G ser\u00e0 una realitat a partir del 2020\u201d, i suposar\u00e0 un \u201ccanvi en les infraestructures de telecomunicacions actuals\u201d. Segons P\u00e9rez-Neira, aix\u00f2 suposa un \u201crepte tecnol\u00f2gic i un canvi de model de negoci. Hi haur\u00e0 capacitat de compartir freq\u00fc\u00e8ncies entre operadores, que podran col\u00b7laborar per oferir serveis de m\u00e9s qualitat\u201d.<\/p>\n<p><strong>Inspirar reflexions sobre els canvis tecnol\u00f2gics<\/strong><\/p>\n<p>El Future Industry Congress t\u00e9 la finalitat \u201cd\u2019inspirar reflexions sobre els canvis que introdueixen les noves tecnologies que venen, com la qu\u00e0ntica, les innovacions cervell-ordinador, el 5G i els materials avan\u00e7ats i veure com afecten o poden afectar els negocis actuals\u201d, ha destacat el president d\u2019Eurecat, Xavier Torra, durant la sessi\u00f3 inaugural. Torra ha remarcat la import\u00e0ncia dels temps d\u2019adaptaci\u00f3 de les empreses \u201cdavant de tecnologies que canvien r\u00e0pidament\u201d i ha dit que \u201ccada cop \u00e9s m\u00e9s important per a les empreses saber quin \u00e9s el moment adient per comen\u00e7ar a aplicar-les\u201d.<\/p>\n<p>La ind\u00fastria 4.0 \u201cafecta i afectar\u00e0 a tot el teixit productiu\u201d, per la qual cosa \u00e9s important que les empreses, especialment les pimes, \u201ces vagin familiaritzant amb els nous conceptes i les potencialitats que tenen\u201d les noves tecnologies, ha remarcat el conseller delegat d\u2019ACCI\u00d3, Joan Romero.<\/p>\n<p>A la seva intervenci\u00f3, Javier Muni\u00e1in, gerent de Serveis Digitals de Telef\u00f3nica Espa\u00f1a, ha exposat com la transformaci\u00f3 digital est\u00e0 canviat el m\u00f3n empresarial amb tecnologies com el 5G, l\u2019Internet de les Coses o el Big Data, i com aquestes tecnologies suposen encara reptes en \u00e0mbits com la ciberseguretat.<\/p>\n<p>El congr\u00e9s tamb\u00e9 ha dedicat un espai als materials avan\u00e7ats, on pren for\u00e7a l\u2019electr\u00f2nica impresa com \u201cuna tecnologia que canviar\u00e0 la manera en com usem l\u2019electr\u00f2nica\u201d, ja que permetr\u00e0 \u201cintegrar-la en diferents superf\u00edcies\u201d, ha assenyalat el responsable de la Unitat d\u2019Impressi\u00f3 Funcional i Dispositius Integrats d\u2019Eurecat, Paul Lacharmoise.<\/p>\n<p>En paraules de Lacharmoise, l\u2019electr\u00f2nica impresa far\u00e0 possible \u201csensoritzar objectes amb un gran potencial en l\u2019\u00e0mbit de l\u2019Internet de les Coses\u201d i que es puguin imprimir circuits \u201cprou el\u00e0stics per col\u00b7locar-se sobre la pell\u201d.<\/p>\n<p>El Future Industry Congress, que compta amb el patrocini de Telef\u00f3nica, la Generalitat de Catalunya-smartCATALONIA i Mittum, i el suport d\u2019ACCI\u00d3, ha superat les 500 inscripcions en l\u2019edici\u00f3 d\u2019enguany.<\/p>\n","protected":false},"excerpt":{"rendered":"<p>El mercat de les tecnologies cervell-ordinador es multiplicar\u00e0 per deu abans del 2025 a tota Europa, segons ha explicat el director de la unitat d\u2019eHealth del centre tecnol\u00f2gic Eurecat i doctor en Enginyeria i Tecnologies Avan\u00e7ades, Felip Miralles, durant la seva pon\u00e8ncia sobre Brain Computer Interfaces, a la segona edici\u00f3 del Future Industry Congress, celebrada&#8230; <\/p>\n<div class=\"clear\"><\/div>\n<p><a href=\"https:\/\/futureindustrycongress.com\/ca\/mercat-les-tecnologies-cervell-ordinador-multiplicara-per-deu-al-2025\/\" class=\"gdlr-info-font excerpt-read-more\">Llegir m\u00e9s<\/a><\/p>\n","protected":false},"author":8,"featured_media":7783,"comment_status":"open","ping_status":"closed","sticky":false,"template":"","format":"standard","meta":{"footnotes":""},"categories":[320,191],"tags":[],"class_list":["post-7766","post","type-post","status-publish","format-standard","has-post-thumbnail","hentry","category-320","category-notes-de-premsa"],"yoast_head":"<!-- This site is optimized with the Yoast SEO plugin v27.5 - https:\/\/yoast.com\/product\/yoast-seo-wordpress\/ -->\n<title>El mercat de les tecnologies cervell-ordinador es multiplicar\u00e0 per deu al 2025 - Future Industry Congress<\/title>\n<meta name=\"robots\" content=\"index, follow, max-snippet:-1, max-image-preview:large, max-video-preview:-1\" \/>\n<link rel=\"canonical\" href=\"https:\/\/futureindustrycongress.com\/ca\/mercat-les-tecnologies-cervell-ordinador-multiplicara-per-deu-al-2025\/\" \/>\n<meta property=\"og:locale\" content=\"ca_ES\" \/>\n<meta property=\"og:type\" content=\"article\" \/>\n<meta property=\"og:title\" content=\"El mercat de les tecnologies cervell-ordinador es multiplicar\u00e0 per deu al 2025 - Future Industry Congress\" \/>\n<meta property=\"og:description\" content=\"El mercat de les tecnologies cervell-ordinador es multiplicar\u00e0 per deu abans del 2025 a tota Europa, segons ha explicat el director de la unitat d\u2019eHealth del centre tecnol\u00f2gic Eurecat i doctor en Enginyeria i Tecnologies Avan\u00e7ades, Felip Miralles, durant la seva pon\u00e8ncia sobre Brain Computer Interfaces, a la segona edici\u00f3 del Future Industry Congress, celebrada... Llegir m\u00e9s\" \/>\n<meta property=\"og:url\" content=\"https:\/\/futureindustrycongress.com\/ca\/mercat-les-tecnologies-cervell-ordinador-multiplicara-per-deu-al-2025\/\" \/>\n<meta property=\"og:site_name\" content=\"Future Industry Congress\" \/>\n<meta property=\"article:published_time\" content=\"2017-06-22T08:10:53+00:00\" \/>\n<meta property=\"og:image\" content=\"https:\/\/futureindustrycongress.com\/wp-content\/uploads\/2017\/06\/brain-technologies.jpg\" \/>\n\t<meta property=\"og:image:width\" content=\"750\" \/>\n\t<meta property=\"og:image:height\" content=\"330\" \/>\n\t<meta property=\"og:image:type\" content=\"image\/jpeg\" \/>\n<meta name=\"author\" content=\"Marina S\u00e1nchez\" \/>\n<meta name=\"twitter:card\" content=\"summary_large_image\" \/>\n<meta name=\"twitter:label1\" content=\"Escrit per\" \/>\n\t<meta name=\"twitter:data1\" content=\"Marina S\u00e1nchez\" \/>\n\t<meta name=\"twitter:label2\" content=\"Temps estimat de lectura\" \/>\n\t<meta name=\"twitter:data2\" content=\"5 minuts\" \/>\n<script type=\"application\/ld+json\" class=\"yoast-schema-graph\">{\"@context\":\"https:\\\/\\\/schema.org\",\"@graph\":[{\"@type\":\"Article\",\"@id\":\"https:\\\/\\\/futureindustrycongress.com\\\/ca\\\/mercat-les-tecnologies-cervell-ordinador-multiplicara-per-deu-al-2025\\\/#article\",\"isPartOf\":{\"@id\":\"https:\\\/\\\/futureindustrycongress.com\\\/ca\\\/mercat-les-tecnologies-cervell-ordinador-multiplicara-per-deu-al-2025\\\/\"},\"author\":{\"name\":\"Marina S\u00e1nchez\",\"@id\":\"https:\\\/\\\/futureindustrycongress.com\\\/ca\\\/#\\\/schema\\\/person\\\/a24f895adca96808191ea8582fac6462\"},\"headline\":\"El mercat de les tecnologies cervell-ordinador es multiplicar\u00e0 per deu al 2025\",\"datePublished\":\"2017-06-22T08:10:53+00:00\",\"mainEntityOfPage\":{\"@id\":\"https:\\\/\\\/futureindustrycongress.com\\\/ca\\\/mercat-les-tecnologies-cervell-ordinador-multiplicara-per-deu-al-2025\\\/\"},\"wordCount\":1107,\"commentCount\":0,\"image\":{\"@id\":\"https:\\\/\\\/futureindustrycongress.com\\\/ca\\\/mercat-les-tecnologies-cervell-ordinador-multiplicara-per-deu-al-2025\\\/#primaryimage\"},\"thumbnailUrl\":\"https:\\\/\\\/futureindustrycongress.com\\\/wp-content\\\/uploads\\\/2017\\\/06\\\/brain-technologies.jpg\",\"articleSection\":[\"2017\",\"Notes de premsa\"],\"inLanguage\":\"ca\",\"potentialAction\":[{\"@type\":\"CommentAction\",\"name\":\"Comment\",\"target\":[\"https:\\\/\\\/futureindustrycongress.com\\\/ca\\\/mercat-les-tecnologies-cervell-ordinador-multiplicara-per-deu-al-2025\\\/#respond\"]}]},{\"@type\":\"WebPage\",\"@id\":\"https:\\\/\\\/futureindustrycongress.com\\\/ca\\\/mercat-les-tecnologies-cervell-ordinador-multiplicara-per-deu-al-2025\\\/\",\"url\":\"https:\\\/\\\/futureindustrycongress.com\\\/ca\\\/mercat-les-tecnologies-cervell-ordinador-multiplicara-per-deu-al-2025\\\/\",\"name\":\"El mercat de les tecnologies cervell-ordinador es multiplicar\u00e0 per deu al 2025 - Future Industry Congress\",\"isPartOf\":{\"@id\":\"https:\\\/\\\/futureindustrycongress.com\\\/ca\\\/#website\"},\"primaryImageOfPage\":{\"@id\":\"https:\\\/\\\/futureindustrycongress.com\\\/ca\\\/mercat-les-tecnologies-cervell-ordinador-multiplicara-per-deu-al-2025\\\/#primaryimage\"},\"image\":{\"@id\":\"https:\\\/\\\/futureindustrycongress.com\\\/ca\\\/mercat-les-tecnologies-cervell-ordinador-multiplicara-per-deu-al-2025\\\/#primaryimage\"},\"thumbnailUrl\":\"https:\\\/\\\/futureindustrycongress.com\\\/wp-content\\\/uploads\\\/2017\\\/06\\\/brain-technologies.jpg\",\"datePublished\":\"2017-06-22T08:10:53+00:00\",\"author\":{\"@id\":\"https:\\\/\\\/futureindustrycongress.com\\\/ca\\\/#\\\/schema\\\/person\\\/a24f895adca96808191ea8582fac6462\"},\"breadcrumb\":{\"@id\":\"https:\\\/\\\/futureindustrycongress.com\\\/ca\\\/mercat-les-tecnologies-cervell-ordinador-multiplicara-per-deu-al-2025\\\/#breadcrumb\"},\"inLanguage\":\"ca\",\"potentialAction\":[{\"@type\":\"ReadAction\",\"target\":[\"https:\\\/\\\/futureindustrycongress.com\\\/ca\\\/mercat-les-tecnologies-cervell-ordinador-multiplicara-per-deu-al-2025\\\/\"]}]},{\"@type\":\"ImageObject\",\"inLanguage\":\"ca\",\"@id\":\"https:\\\/\\\/futureindustrycongress.com\\\/ca\\\/mercat-les-tecnologies-cervell-ordinador-multiplicara-per-deu-al-2025\\\/#primaryimage\",\"url\":\"https:\\\/\\\/futureindustrycongress.com\\\/wp-content\\\/uploads\\\/2017\\\/06\\\/brain-technologies.jpg\",\"contentUrl\":\"https:\\\/\\\/futureindustrycongress.com\\\/wp-content\\\/uploads\\\/2017\\\/06\\\/brain-technologies.jpg\",\"width\":750,\"height\":330,\"caption\":\"brain-technologies\"},{\"@type\":\"BreadcrumbList\",\"@id\":\"https:\\\/\\\/futureindustrycongress.com\\\/ca\\\/mercat-les-tecnologies-cervell-ordinador-multiplicara-per-deu-al-2025\\\/#breadcrumb\",\"itemListElement\":[{\"@type\":\"ListItem\",\"position\":1,\"name\":\"Portada\",\"item\":\"https:\\\/\\\/futureindustrycongress.com\\\/ca\\\/\"},{\"@type\":\"ListItem\",\"position\":2,\"name\":\"El mercat de les tecnologies cervell-ordinador es multiplicar\u00e0 per deu al 2025\"}]},{\"@type\":\"WebSite\",\"@id\":\"https:\\\/\\\/futureindustrycongress.com\\\/ca\\\/#website\",\"url\":\"https:\\\/\\\/futureindustrycongress.com\\\/ca\\\/\",\"name\":\"Future Industry Congress\",\"description\":\"Future Industry Congress\",\"potentialAction\":[{\"@type\":\"SearchAction\",\"target\":{\"@type\":\"EntryPoint\",\"urlTemplate\":\"https:\\\/\\\/futureindustrycongress.com\\\/ca\\\/?s={search_term_string}\"},\"query-input\":{\"@type\":\"PropertyValueSpecification\",\"valueRequired\":true,\"valueName\":\"search_term_string\"}}],\"inLanguage\":\"ca\"},{\"@type\":\"Person\",\"@id\":\"https:\\\/\\\/futureindustrycongress.com\\\/ca\\\/#\\\/schema\\\/person\\\/a24f895adca96808191ea8582fac6462\",\"name\":\"Marina S\u00e1nchez\",\"image\":{\"@type\":\"ImageObject\",\"inLanguage\":\"ca\",\"@id\":\"https:\\\/\\\/futureindustrycongress.com\\\/wp-content\\\/wphb-cache\\\/gravatar\\\/91f\\\/91fedc3c87004556fc558bb59608a3b8x96.jpg\",\"url\":\"https:\\\/\\\/futureindustrycongress.com\\\/wp-content\\\/wphb-cache\\\/gravatar\\\/91f\\\/91fedc3c87004556fc558bb59608a3b8x96.jpg\",\"contentUrl\":\"https:\\\/\\\/futureindustrycongress.com\\\/wp-content\\\/wphb-cache\\\/gravatar\\\/91f\\\/91fedc3c87004556fc558bb59608a3b8x96.jpg\",\"caption\":\"Marina S\u00e1nchez\"},\"url\":\"https:\\\/\\\/futureindustrycongress.com\\\/ca\\\/author\\\/marina-sanchez\\\/\"}]}<\/script>\n<!-- \/ Yoast SEO plugin. -->","yoast_head_json":{"title":"El mercat de les tecnologies cervell-ordinador es multiplicar\u00e0 per deu al 2025 - Future Industry Congress","robots":{"index":"index","follow":"follow","max-snippet":"max-snippet:-1","max-image-preview":"max-image-preview:large","max-video-preview":"max-video-preview:-1"},"canonical":"https:\/\/futureindustrycongress.com\/ca\/mercat-les-tecnologies-cervell-ordinador-multiplicara-per-deu-al-2025\/","og_locale":"ca_ES","og_type":"article","og_title":"El mercat de les tecnologies cervell-ordinador es multiplicar\u00e0 per deu al 2025 - Future Industry Congress","og_description":"El mercat de les tecnologies cervell-ordinador es multiplicar\u00e0 per deu abans del 2025 a tota Europa, segons ha explicat el director de la unitat d\u2019eHealth del centre tecnol\u00f2gic Eurecat i doctor en Enginyeria i Tecnologies Avan\u00e7ades, Felip Miralles, durant la seva pon\u00e8ncia sobre Brain Computer Interfaces, a la segona edici\u00f3 del Future Industry Congress, celebrada... Llegir m\u00e9s","og_url":"https:\/\/futureindustrycongress.com\/ca\/mercat-les-tecnologies-cervell-ordinador-multiplicara-per-deu-al-2025\/","og_site_name":"Future Industry Congress","article_published_time":"2017-06-22T08:10:53+00:00","og_image":[{"width":750,"height":330,"url":"https:\/\/futureindustrycongress.com\/wp-content\/uploads\/2017\/06\/brain-technologies.jpg","type":"image\/jpeg"}],"author":"Marina S\u00e1nchez","twitter_card":"summary_large_image","twitter_misc":{"Escrit per":"Marina S\u00e1nchez","Temps estimat de lectura":"5 minuts"},"schema":{"@context":"https:\/\/schema.org","@graph":[{"@type":"Article","@id":"https:\/\/futureindustrycongress.com\/ca\/mercat-les-tecnologies-cervell-ordinador-multiplicara-per-deu-al-2025\/#article","isPartOf":{"@id":"https:\/\/futureindustrycongress.com\/ca\/mercat-les-tecnologies-cervell-ordinador-multiplicara-per-deu-al-2025\/"},"author":{"name":"Marina S\u00e1nchez","@id":"https:\/\/futureindustrycongress.com\/ca\/#\/schema\/person\/a24f895adca96808191ea8582fac6462"},"headline":"El mercat de les tecnologies cervell-ordinador es multiplicar\u00e0 per deu al 2025","datePublished":"2017-06-22T08:10:53+00:00","mainEntityOfPage":{"@id":"https:\/\/futureindustrycongress.com\/ca\/mercat-les-tecnologies-cervell-ordinador-multiplicara-per-deu-al-2025\/"},"wordCount":1107,"commentCount":0,"image":{"@id":"https:\/\/futureindustrycongress.com\/ca\/mercat-les-tecnologies-cervell-ordinador-multiplicara-per-deu-al-2025\/#primaryimage"},"thumbnailUrl":"https:\/\/futureindustrycongress.com\/wp-content\/uploads\/2017\/06\/brain-technologies.jpg","articleSection":["2017","Notes de premsa"],"inLanguage":"ca","potentialAction":[{"@type":"CommentAction","name":"Comment","target":["https:\/\/futureindustrycongress.com\/ca\/mercat-les-tecnologies-cervell-ordinador-multiplicara-per-deu-al-2025\/#respond"]}]},{"@type":"WebPage","@id":"https:\/\/futureindustrycongress.com\/ca\/mercat-les-tecnologies-cervell-ordinador-multiplicara-per-deu-al-2025\/","url":"https:\/\/futureindustrycongress.com\/ca\/mercat-les-tecnologies-cervell-ordinador-multiplicara-per-deu-al-2025\/","name":"El mercat de les tecnologies cervell-ordinador es multiplicar\u00e0 per deu al 2025 - Future Industry Congress","isPartOf":{"@id":"https:\/\/futureindustrycongress.com\/ca\/#website"},"primaryImageOfPage":{"@id":"https:\/\/futureindustrycongress.com\/ca\/mercat-les-tecnologies-cervell-ordinador-multiplicara-per-deu-al-2025\/#primaryimage"},"image":{"@id":"https:\/\/futureindustrycongress.com\/ca\/mercat-les-tecnologies-cervell-ordinador-multiplicara-per-deu-al-2025\/#primaryimage"},"thumbnailUrl":"https:\/\/futureindustrycongress.com\/wp-content\/uploads\/2017\/06\/brain-technologies.jpg","datePublished":"2017-06-22T08:10:53+00:00","author":{"@id":"https:\/\/futureindustrycongress.com\/ca\/#\/schema\/person\/a24f895adca96808191ea8582fac6462"},"breadcrumb":{"@id":"https:\/\/futureindustrycongress.com\/ca\/mercat-les-tecnologies-cervell-ordinador-multiplicara-per-deu-al-2025\/#breadcrumb"},"inLanguage":"ca","potentialAction":[{"@type":"ReadAction","target":["https:\/\/futureindustrycongress.com\/ca\/mercat-les-tecnologies-cervell-ordinador-multiplicara-per-deu-al-2025\/"]}]},{"@type":"ImageObject","inLanguage":"ca","@id":"https:\/\/futureindustrycongress.com\/ca\/mercat-les-tecnologies-cervell-ordinador-multiplicara-per-deu-al-2025\/#primaryimage","url":"https:\/\/futureindustrycongress.com\/wp-content\/uploads\/2017\/06\/brain-technologies.jpg","contentUrl":"https:\/\/futureindustrycongress.com\/wp-content\/uploads\/2017\/06\/brain-technologies.jpg","width":750,"height":330,"caption":"brain-technologies"},{"@type":"BreadcrumbList","@id":"https:\/\/futureindustrycongress.com\/ca\/mercat-les-tecnologies-cervell-ordinador-multiplicara-per-deu-al-2025\/#breadcrumb","itemListElement":[{"@type":"ListItem","position":1,"name":"Portada","item":"https:\/\/futureindustrycongress.com\/ca\/"},{"@type":"ListItem","position":2,"name":"El mercat de les tecnologies cervell-ordinador es multiplicar\u00e0 per deu al 2025"}]},{"@type":"WebSite","@id":"https:\/\/futureindustrycongress.com\/ca\/#website","url":"https:\/\/futureindustrycongress.com\/ca\/","name":"Future Industry Congress","description":"Future Industry Congress","potentialAction":[{"@type":"SearchAction","target":{"@type":"EntryPoint","urlTemplate":"https:\/\/futureindustrycongress.com\/ca\/?s={search_term_string}"},"query-input":{"@type":"PropertyValueSpecification","valueRequired":true,"valueName":"search_term_string"}}],"inLanguage":"ca"},{"@type":"Person","@id":"https:\/\/futureindustrycongress.com\/ca\/#\/schema\/person\/a24f895adca96808191ea8582fac6462","name":"Marina S\u00e1nchez","image":{"@type":"ImageObject","inLanguage":"ca","@id":"https:\/\/futureindustrycongress.com\/wp-content\/wphb-cache\/gravatar\/91f\/91fedc3c87004556fc558bb59608a3b8x96.jpg","url":"https:\/\/futureindustrycongress.com\/wp-content\/wphb-cache\/gravatar\/91f\/91fedc3c87004556fc558bb59608a3b8x96.jpg","contentUrl":"https:\/\/futureindustrycongress.com\/wp-content\/wphb-cache\/gravatar\/91f\/91fedc3c87004556fc558bb59608a3b8x96.jpg","caption":"Marina S\u00e1nchez"},"url":"https:\/\/futureindustrycongress.com\/ca\/author\/marina-sanchez\/"}]}},"_links":{"self":[{"href":"https:\/\/futureindustrycongress.com\/ca\/wp-json\/wp\/v2\/posts\/7766","targetHints":{"allow":["GET"]}}],"collection":[{"href":"https:\/\/futureindustrycongress.com\/ca\/wp-json\/wp\/v2\/posts"}],"about":[{"href":"https:\/\/futureindustrycongress.com\/ca\/wp-json\/wp\/v2\/types\/post"}],"author":[{"embeddable":true,"href":"https:\/\/futureindustrycongress.com\/ca\/wp-json\/wp\/v2\/users\/8"}],"replies":[{"embeddable":true,"href":"https:\/\/futureindustrycongress.com\/ca\/wp-json\/wp\/v2\/comments?post=7766"}],"version-history":[{"count":0,"href":"https:\/\/futureindustrycongress.com\/ca\/wp-json\/wp\/v2\/posts\/7766\/revisions"}],"wp:featuredmedia":[{"embeddable":true,"href":"https:\/\/futureindustrycongress.com\/ca\/wp-json\/wp\/v2\/media\/7783"}],"wp:attachment":[{"href":"https:\/\/futureindustrycongress.com\/ca\/wp-json\/wp\/v2\/media?parent=7766"}],"wp:term":[{"taxonomy":"category","embeddable":true,"href":"https:\/\/futureindustrycongress.com\/ca\/wp-json\/wp\/v2\/categories?post=7766"},{"taxonomy":"post_tag","embeddable":true,"href":"https:\/\/futureindustrycongress.com\/ca\/wp-json\/wp\/v2\/tags?post=7766"}],"curies":[{"name":"wp","href":"https:\/\/api.w.org\/{rel}","templated":true}]}}